{"id":34513,"date":"2025-10-19T23:05:01","date_gmt":"2025-10-19T23:05:01","guid":{"rendered":"https:\/\/ravpsd.hekko24.pl\/ben\/?p=34513"},"modified":"2025-10-19T23:05:01","modified_gmt":"2025-10-19T23:05:01","slug":"swieto-bractwa-szkaplerznego","status":"publish","type":"post","link":"https:\/\/ravpsd.hekko24.pl\/ben\/swieto-bractwa-szkaplerznego\/","title":{"rendered":"\u015aWI\u0118TO BRACTWA SZKAPLERZNEGO"},"content":{"rendered":"\n<p><strong>We wtorek 1 pa\u017adziernika<\/strong>, w liturgiczne wspomnienie \u015bw. Teresy od Dzieci\u0105tka Jezus,<strong>\u00a0cz\u0142onkowie Bractwa Szkaplerznego\u00a0<\/strong>z naszej parafii obchodzili swoje<strong>\u00a0\u015bwi\u0119to.\u00a0<\/strong>Uroczystej Mszy \u015bw. z obrz\u0119dem b\u0142ogos\u0142awie\u0144stwa r\u00f3\u017c przewodniczy\u0142 ks. proboszcz.<\/p>\n\n\n\n<p><\/p>\n","protected":false},"excerpt":{"rendered":"<p>We wtorek 1 pa\u017adziernika, w liturgiczne wspomnienie \u015bw. Teresy od Dzieci\u0105tka Jezus,\u00a0cz\u0142onkowie Bractwa Szkaplerznego\u00a0z naszej parafii obchodzili swoje\u00a0\u015bwi\u0119to.\u00a0Uroczystej Mszy \u015bw&#8230;.<\/p>\n","protected":false},"author":1,"featured_media":34516,"comment_status":"closed","ping_status":"closed","sticky":false,"template":"single-fullwidth.php","format":"standard","meta":{"_acf_changed":false,"footnotes":""},"categories":[93],"tags":[],"class_list":{"0":"post-34513","1":"post","2":"type-post","3":"status-publish","4":"format-standard","5":"has-post-thumbnail","7":"category-wydarzenia"},"acf":[],"menu_order":0,"_links":{"self":[{"href":"https:\/\/ravpsd.hekko24.pl\/ben\/wp-json\/wp\/v2\/posts\/34513","targetHints":{"allow":["GET"]}}],"collection":[{"href":"https:\/\/ravpsd.hekko24.pl\/ben\/wp-json\/wp\/v2\/posts"}],"about":[{"href":"https:\/\/ravpsd.hekko24.pl\/ben\/wp-json\/wp\/v2\/types\/post"}],"author":[{"embeddable":true,"href":"https:\/\/ravpsd.hekko24.pl\/ben\/wp-json\/wp\/v2\/users\/1"}],"replies":[{"embeddable":true,"href":"https:\/\/ravpsd.hekko24.pl\/ben\/wp-json\/wp\/v2\/comments?post=34513"}],"version-history":[{"count":1,"href":"https:\/\/ravpsd.hekko24.pl\/ben\/wp-json\/wp\/v2\/posts\/34513\/revisions"}],"predecessor-version":[{"id":34517,"href":"https:\/\/ravpsd.hekko24.pl\/ben\/wp-json\/wp\/v2\/posts\/34513\/revisions\/34517"}],"wp:featuredmedia":[{"embeddable":true,"href":"https:\/\/ravpsd.hekko24.pl\/ben\/wp-json\/wp\/v2\/media\/34516"}],"wp:attachment":[{"href":"https:\/\/ravpsd.hekko24.pl\/ben\/wp-json\/wp\/v2\/media?parent=34513"}],"wp:term":[{"taxonomy":"category","embeddable":true,"href":"https:\/\/ravpsd.hekko24.pl\/ben\/wp-json\/wp\/v2\/categories?post=34513"},{"taxonomy":"post_tag","embeddable":true,"href":"https:\/\/ravpsd.hekko24.pl\/ben\/wp-json\/wp\/v2\/tags?post=34513"}],"curies":[{"name":"wp","href":"https:\/\/api.w.org\/{rel}","templated":true}]}}