{"id":34574,"date":"2025-10-19T23:09:11","date_gmt":"2025-10-19T23:09:11","guid":{"rendered":"https:\/\/ravpsd.hekko24.pl\/ben\/?p=34574"},"modified":"2025-10-19T23:09:11","modified_gmt":"2025-10-19T23:09:11","slug":"dzien-skupienia-ministrantow","status":"publish","type":"post","link":"https:\/\/ravpsd.hekko24.pl\/ben\/dzien-skupienia-ministrantow\/","title":{"rendered":"DZIE\u0143 SKUPIENIA MINISTRANT\u00d3W"},"content":{"rendered":"\n<p><strong>W sobot\u0119 9 listopada<\/strong>&nbsp;nasi ministranci uczestniczyli w&nbsp;<strong>Dekanalnym Dniu Skupienia dla Lektor\u00f3w, Animator\u00f3w i Kandydat\u00f3w na Animatora<\/strong>&nbsp;w Parafii b\u0142. Karoliny w Tychach.<\/p>\n\n\n\n<p>Jednoczyli si\u0119 we wsp\u00f3lnej modlitwie, a tak\u017ce wys\u0142uchali konferencji formacyjnej, po kt\u00f3rej mogli dzieli\u0107 si\u0119 swoimi do\u015bwiadczeniami w prowadzeniu grup. Spotkanie umocni\u0142o ich nie tylko duchowo, ale i fizycznie, przy wsp\u00f3lnym stole z pysznym pocz\u0119stunkiem.<\/p>\n","protected":false},"excerpt":{"rendered":"<p>W sobot\u0119 9 listopada&nbsp;nasi ministranci uczestniczyli w&nbsp;Dekanalnym Dniu Skupienia dla Lektor\u00f3w, Animator\u00f3w i Kandydat\u00f3w na Animatora&nbsp;w Parafii b\u0142. Karoliny w&#8230;<\/p>\n","protected":false},"author":1,"featured_media":34575,"comment_status":"closed","ping_status":"closed","sticky":false,"template":"single-fullwidth.php","format":"standard","meta":{"_acf_changed":false,"footnotes":""},"categories":[93],"tags":[],"class_list":{"0":"post-34574","1":"post","2":"type-post","3":"status-publish","4":"format-standard","5":"has-post-thumbnail","7":"category-wydarzenia"},"acf":[],"menu_order":0,"_links":{"self":[{"href":"https:\/\/ravpsd.hekko24.pl\/ben\/wp-json\/wp\/v2\/posts\/34574","targetHints":{"allow":["GET"]}}],"collection":[{"href":"https:\/\/ravpsd.hekko24.pl\/ben\/wp-json\/wp\/v2\/posts"}],"about":[{"href":"https:\/\/ravpsd.hekko24.pl\/ben\/wp-json\/wp\/v2\/types\/post"}],"author":[{"embeddable":true,"href":"https:\/\/ravpsd.hekko24.pl\/ben\/wp-json\/wp\/v2\/users\/1"}],"replies":[{"embeddable":true,"href":"https:\/\/ravpsd.hekko24.pl\/ben\/wp-json\/wp\/v2\/comments?post=34574"}],"version-history":[{"count":1,"href":"https:\/\/ravpsd.hekko24.pl\/ben\/wp-json\/wp\/v2\/posts\/34574\/revisions"}],"predecessor-version":[{"id":34577,"href":"https:\/\/ravpsd.hekko24.pl\/ben\/wp-json\/wp\/v2\/posts\/34574\/revisions\/34577"}],"wp:featuredmedia":[{"embeddable":true,"href":"https:\/\/ravpsd.hekko24.pl\/ben\/wp-json\/wp\/v2\/media\/34575"}],"wp:attachment":[{"href":"https:\/\/ravpsd.hekko24.pl\/ben\/wp-json\/wp\/v2\/media?parent=34574"}],"wp:term":[{"taxonomy":"category","embeddable":true,"href":"https:\/\/ravpsd.hekko24.pl\/ben\/wp-json\/wp\/v2\/categories?post=34574"},{"taxonomy":"post_tag","embeddable":true,"href":"https:\/\/ravpsd.hekko24.pl\/ben\/wp-json\/wp\/v2\/tags?post=34574"}],"curies":[{"name":"wp","href":"https:\/\/api.w.org\/{rel}","templated":true}]}}