{"id":34578,"date":"2025-10-19T23:10:11","date_gmt":"2025-10-19T23:10:11","guid":{"rendered":"https:\/\/ravpsd.hekko24.pl\/ben\/?p=34578"},"modified":"2025-10-19T23:10:11","modified_gmt":"2025-10-19T23:10:11","slug":"swieto-patronalne-bractwa-szkaplerznego","status":"publish","type":"post","link":"https:\/\/ravpsd.hekko24.pl\/ben\/swieto-patronalne-bractwa-szkaplerznego\/","title":{"rendered":"\u015aWI\u0118TO PATRONALNE BRACTWA SZKAPLERZNEGO\u00a0"},"content":{"rendered":"\n<p><strong>W \u015brod\u0119 20 listopada cz\u0142onkowie Bractwa Szkaplerznego<\/strong>\u00a0z naszej parafii obchodzili swoje\u00a0<strong>\u015bwi\u0119to patronalne\u00a0<\/strong>z racji liturgicznego wspomnienia \u015bw. Rafa\u0142a Kalinowskiego. Uczestniczyli w uroczystej Mszy \u015bw., po kt\u00f3rej uczcili relikwie \u015awi\u0119tego.<\/p>\n","protected":false},"excerpt":{"rendered":"<p>W \u015brod\u0119 20 listopada cz\u0142onkowie Bractwa Szkaplerznego\u00a0z naszej parafii obchodzili swoje\u00a0\u015bwi\u0119to patronalne\u00a0z racji liturgicznego wspomnienia \u015bw. Rafa\u0142a Kalinowskiego. Uczestniczyli w&#8230;<\/p>\n","protected":false},"author":1,"featured_media":34580,"comment_status":"closed","ping_status":"closed","sticky":false,"template":"single-fullwidth.php","format":"standard","meta":{"_acf_changed":false,"footnotes":""},"categories":[93],"tags":[],"class_list":{"0":"post-34578","1":"post","2":"type-post","3":"status-publish","4":"format-standard","5":"has-post-thumbnail","7":"category-wydarzenia"},"acf":[],"menu_order":0,"_links":{"self":[{"href":"https:\/\/ravpsd.hekko24.pl\/ben\/wp-json\/wp\/v2\/posts\/34578","targetHints":{"allow":["GET"]}}],"collection":[{"href":"https:\/\/ravpsd.hekko24.pl\/ben\/wp-json\/wp\/v2\/posts"}],"about":[{"href":"https:\/\/ravpsd.hekko24.pl\/ben\/wp-json\/wp\/v2\/types\/post"}],"author":[{"embeddable":true,"href":"https:\/\/ravpsd.hekko24.pl\/ben\/wp-json\/wp\/v2\/users\/1"}],"replies":[{"embeddable":true,"href":"https:\/\/ravpsd.hekko24.pl\/ben\/wp-json\/wp\/v2\/comments?post=34578"}],"version-history":[{"count":1,"href":"https:\/\/ravpsd.hekko24.pl\/ben\/wp-json\/wp\/v2\/posts\/34578\/revisions"}],"predecessor-version":[{"id":34582,"href":"https:\/\/ravpsd.hekko24.pl\/ben\/wp-json\/wp\/v2\/posts\/34578\/revisions\/34582"}],"wp:featuredmedia":[{"embeddable":true,"href":"https:\/\/ravpsd.hekko24.pl\/ben\/wp-json\/wp\/v2\/media\/34580"}],"wp:attachment":[{"href":"https:\/\/ravpsd.hekko24.pl\/ben\/wp-json\/wp\/v2\/media?parent=34578"}],"wp:term":[{"taxonomy":"category","embeddable":true,"href":"https:\/\/ravpsd.hekko24.pl\/ben\/wp-json\/wp\/v2\/categories?post=34578"},{"taxonomy":"post_tag","embeddable":true,"href":"https:\/\/ravpsd.hekko24.pl\/ben\/wp-json\/wp\/v2\/tags?post=34578"}],"curies":[{"name":"wp","href":"https:\/\/api.w.org\/{rel}","templated":true}]}}