{"id":34633,"date":"2025-10-19T23:13:05","date_gmt":"2025-10-19T23:13:05","guid":{"rendered":"https:\/\/ravpsd.hekko24.pl\/ben\/?p=34633"},"modified":"2025-10-19T23:13:05","modified_gmt":"2025-10-19T23:13:05","slug":"swieto-choru-parafialnego","status":"publish","type":"post","link":"https:\/\/ravpsd.hekko24.pl\/ben\/swieto-choru-parafialnego\/","title":{"rendered":"\u015aWI\u0118TO CH\u00d3RU PARAFIALNEGO"},"content":{"rendered":"\n<p><strong>We wtorek 26 listopada cz\u0142onkowie naszego ch\u00f3ru parafialnego \u015bwi\u0119towali\u00a0<\/strong>niedawne liturgiczne\u00a0<strong>wspomnienie\u00a0<\/strong>swojej patronki\u00a0<strong>\u015bw. Cecylii.<\/strong>\u00a0Po uroczystej Mszy \u015bw. z profesjonaln\u0105 opraw\u0105 muzyczn\u0105 zasiedli przy wsp\u00f3lnym stole.<\/p>\n","protected":false},"excerpt":{"rendered":"<p>We wtorek 26 listopada cz\u0142onkowie naszego ch\u00f3ru parafialnego \u015bwi\u0119towali\u00a0niedawne liturgiczne\u00a0wspomnienie\u00a0swojej patronki\u00a0\u015bw. Cecylii.\u00a0Po uroczystej Mszy \u015bw. z profesjonaln\u0105 opraw\u0105 muzyczn\u0105 zasiedli&#8230;<\/p>\n","protected":false},"author":1,"featured_media":34634,"comment_status":"closed","ping_status":"closed","sticky":false,"template":"single-fullwidth.php","format":"standard","meta":{"_acf_changed":false,"footnotes":""},"categories":[93],"tags":[],"class_list":{"0":"post-34633","1":"post","2":"type-post","3":"status-publish","4":"format-standard","5":"has-post-thumbnail","7":"category-wydarzenia"},"acf":[],"menu_order":0,"_links":{"self":[{"href":"https:\/\/ravpsd.hekko24.pl\/ben\/wp-json\/wp\/v2\/posts\/34633","targetHints":{"allow":["GET"]}}],"collection":[{"href":"https:\/\/ravpsd.hekko24.pl\/ben\/wp-json\/wp\/v2\/posts"}],"about":[{"href":"https:\/\/ravpsd.hekko24.pl\/ben\/wp-json\/wp\/v2\/types\/post"}],"author":[{"embeddable":true,"href":"https:\/\/ravpsd.hekko24.pl\/ben\/wp-json\/wp\/v2\/users\/1"}],"replies":[{"embeddable":true,"href":"https:\/\/ravpsd.hekko24.pl\/ben\/wp-json\/wp\/v2\/comments?post=34633"}],"version-history":[{"count":1,"href":"https:\/\/ravpsd.hekko24.pl\/ben\/wp-json\/wp\/v2\/posts\/34633\/revisions"}],"predecessor-version":[{"id":34635,"href":"https:\/\/ravpsd.hekko24.pl\/ben\/wp-json\/wp\/v2\/posts\/34633\/revisions\/34635"}],"wp:featuredmedia":[{"embeddable":true,"href":"https:\/\/ravpsd.hekko24.pl\/ben\/wp-json\/wp\/v2\/media\/34634"}],"wp:attachment":[{"href":"https:\/\/ravpsd.hekko24.pl\/ben\/wp-json\/wp\/v2\/media?parent=34633"}],"wp:term":[{"taxonomy":"category","embeddable":true,"href":"https:\/\/ravpsd.hekko24.pl\/ben\/wp-json\/wp\/v2\/categories?post=34633"},{"taxonomy":"post_tag","embeddable":true,"href":"https:\/\/ravpsd.hekko24.pl\/ben\/wp-json\/wp\/v2\/tags?post=34633"}],"curies":[{"name":"wp","href":"https:\/\/api.w.org\/{rel}","templated":true}]}}