{"id":34668,"date":"2025-10-19T23:20:44","date_gmt":"2025-10-19T23:20:44","guid":{"rendered":"https:\/\/ravpsd.hekko24.pl\/ben\/?p=34668"},"modified":"2025-10-19T23:20:44","modified_gmt":"2025-10-19T23:20:44","slug":"udzial-ministrantow-w-ogolnopolskim-konkursie-wiedzy-biblijnej-dla-sluzby-liturgicznej","status":"publish","type":"post","link":"https:\/\/ravpsd.hekko24.pl\/ben\/udzial-ministrantow-w-ogolnopolskim-konkursie-wiedzy-biblijnej-dla-sluzby-liturgicznej\/","title":{"rendered":"UDZIA\u0141 MINISTRANT\u00d3W W OG\u00d3LNOPOLSKIM KONKURSIE WIEDZY BIBLIJNEJ DLA S\u0141U\u017bBY LITURGICZNEJ\u00a0"},"content":{"rendered":"\n<p><strong>W grudniu nasi ministranci wzi\u0119li udzia\u0142 w etapie parafialnym Og\u00f3lnopolskiego Konkursu Wiedzy Biblijnej dla S\u0142u\u017cby Liturgicznej.&nbsp;<\/strong>Musieli wykaza\u0107 si\u0119 w nim znajomo\u015bci\u0105 dzie\u0142 \u015bw. \u0141ukasza: Ewangelii i Dziej\u00f3w Apostolskich.<\/p>\n\n\n\n<p><strong>Ze starszej grupy wiekowej Maciej Strzelec, a z m\u0142odszej Tomasz Kosche, zakwalifikowali si\u0119 do drugiego etapu konkursu.<\/strong><\/p>\n\n\n\n<p>Gratulujemy i \u017cyczymy dalszych sukces\u00f3w!<\/p>\n\n\n\n<p><\/p>\n","protected":false},"excerpt":{"rendered":"<p>W grudniu nasi ministranci wzi\u0119li udzia\u0142 w etapie parafialnym Og\u00f3lnopolskiego Konkursu Wiedzy Biblijnej dla S\u0142u\u017cby Liturgicznej.&nbsp;Musieli wykaza\u0107 si\u0119 w nim&#8230;<\/p>\n","protected":false},"author":1,"featured_media":34670,"comment_status":"closed","ping_status":"closed","sticky":false,"template":"single-fullwidth.php","format":"standard","meta":{"_acf_changed":false,"footnotes":""},"categories":[93],"tags":[],"class_list":{"0":"post-34668","1":"post","2":"type-post","3":"status-publish","4":"format-standard","5":"has-post-thumbnail","7":"category-wydarzenia"},"acf":[],"menu_order":0,"_links":{"self":[{"href":"https:\/\/ravpsd.hekko24.pl\/ben\/wp-json\/wp\/v2\/posts\/34668","targetHints":{"allow":["GET"]}}],"collection":[{"href":"https:\/\/ravpsd.hekko24.pl\/ben\/wp-json\/wp\/v2\/posts"}],"about":[{"href":"https:\/\/ravpsd.hekko24.pl\/ben\/wp-json\/wp\/v2\/types\/post"}],"author":[{"embeddable":true,"href":"https:\/\/ravpsd.hekko24.pl\/ben\/wp-json\/wp\/v2\/users\/1"}],"replies":[{"embeddable":true,"href":"https:\/\/ravpsd.hekko24.pl\/ben\/wp-json\/wp\/v2\/comments?post=34668"}],"version-history":[{"count":1,"href":"https:\/\/ravpsd.hekko24.pl\/ben\/wp-json\/wp\/v2\/posts\/34668\/revisions"}],"predecessor-version":[{"id":34671,"href":"https:\/\/ravpsd.hekko24.pl\/ben\/wp-json\/wp\/v2\/posts\/34668\/revisions\/34671"}],"wp:featuredmedia":[{"embeddable":true,"href":"https:\/\/ravpsd.hekko24.pl\/ben\/wp-json\/wp\/v2\/media\/34670"}],"wp:attachment":[{"href":"https:\/\/ravpsd.hekko24.pl\/ben\/wp-json\/wp\/v2\/media?parent=34668"}],"wp:term":[{"taxonomy":"category","embeddable":true,"href":"https:\/\/ravpsd.hekko24.pl\/ben\/wp-json\/wp\/v2\/categories?post=34668"},{"taxonomy":"post_tag","embeddable":true,"href":"https:\/\/ravpsd.hekko24.pl\/ben\/wp-json\/wp\/v2\/tags?post=34668"}],"curies":[{"name":"wp","href":"https:\/\/api.w.org\/{rel}","templated":true}]}}