{"id":34672,"date":"2025-10-19T23:21:31","date_gmt":"2025-10-19T23:21:31","guid":{"rendered":"https:\/\/ravpsd.hekko24.pl\/ben\/?p=34672"},"modified":"2025-10-19T23:21:32","modified_gmt":"2025-10-19T23:21:32","slug":"swieto-dzieci-maryi","status":"publish","type":"post","link":"https:\/\/ravpsd.hekko24.pl\/ben\/swieto-dzieci-maryi\/","title":{"rendered":"\u015aWI\u0118TO DZIECI MARYI\u00a0"},"content":{"rendered":"\n<p><strong>W Uroczysto\u015b\u0107 Niepokalanego Pocz\u0119cia Naj\u015bwi\u0119tszej Maryi Panny swoje \u015bwi\u0119to patronalne obchodzi\u0142y<\/strong>&nbsp;<strong>Dzieci Maryi.<\/strong>&nbsp;13 dziewcz\u0105t z naszej parafii otrzyma\u0142o medalik Niepokalanej.<\/p>\n\n\n\n<p>Dzieci Maryi, pod sztandarem Matki Bo\u017cej, w\u0142\u0105czy\u0142y si\u0119 w liturgi\u0119 poprzez czytanie, \u015bpiew, modlitw\u0119 wiernych i bior\u0105c udzia\u0142 w procesji z darami. Dziewczyny odm\u00f3wi\u0142y tak\u017ce publicznie Akt oddania si\u0119 Matce Bo\u017cej, wybieraj\u0105c Maryj\u0119 jako wz\u00f3r swego post\u0119powania na drodze formacji we wsp\u00f3lnocie i w \u017cyciu osobistym.<\/p>\n","protected":false},"excerpt":{"rendered":"<p>W Uroczysto\u015b\u0107 Niepokalanego Pocz\u0119cia Naj\u015bwi\u0119tszej Maryi Panny swoje \u015bwi\u0119to patronalne obchodzi\u0142y&nbsp;Dzieci Maryi.&nbsp;13 dziewcz\u0105t z naszej parafii otrzyma\u0142o medalik Niepokalanej. Dzieci&#8230;<\/p>\n","protected":false},"author":1,"featured_media":34688,"comment_status":"closed","ping_status":"closed","sticky":false,"template":"single-fullwidth.php","format":"standard","meta":{"_acf_changed":false,"footnotes":""},"categories":[93],"tags":[],"class_list":{"0":"post-34672","1":"post","2":"type-post","3":"status-publish","4":"format-standard","5":"has-post-thumbnail","7":"category-wydarzenia"},"acf":[],"menu_order":0,"_links":{"self":[{"href":"https:\/\/ravpsd.hekko24.pl\/ben\/wp-json\/wp\/v2\/posts\/34672","targetHints":{"allow":["GET"]}}],"collection":[{"href":"https:\/\/ravpsd.hekko24.pl\/ben\/wp-json\/wp\/v2\/posts"}],"about":[{"href":"https:\/\/ravpsd.hekko24.pl\/ben\/wp-json\/wp\/v2\/types\/post"}],"author":[{"embeddable":true,"href":"https:\/\/ravpsd.hekko24.pl\/ben\/wp-json\/wp\/v2\/users\/1"}],"replies":[{"embeddable":true,"href":"https:\/\/ravpsd.hekko24.pl\/ben\/wp-json\/wp\/v2\/comments?post=34672"}],"version-history":[{"count":1,"href":"https:\/\/ravpsd.hekko24.pl\/ben\/wp-json\/wp\/v2\/posts\/34672\/revisions"}],"predecessor-version":[{"id":34689,"href":"https:\/\/ravpsd.hekko24.pl\/ben\/wp-json\/wp\/v2\/posts\/34672\/revisions\/34689"}],"wp:featuredmedia":[{"embeddable":true,"href":"https:\/\/ravpsd.hekko24.pl\/ben\/wp-json\/wp\/v2\/media\/34688"}],"wp:attachment":[{"href":"https:\/\/ravpsd.hekko24.pl\/ben\/wp-json\/wp\/v2\/media?parent=34672"}],"wp:term":[{"taxonomy":"category","embeddable":true,"href":"https:\/\/ravpsd.hekko24.pl\/ben\/wp-json\/wp\/v2\/categories?post=34672"},{"taxonomy":"post_tag","embeddable":true,"href":"https:\/\/ravpsd.hekko24.pl\/ben\/wp-json\/wp\/v2\/tags?post=34672"}],"curies":[{"name":"wp","href":"https:\/\/api.w.org\/{rel}","templated":true}]}}