{"id":34690,"date":"2025-10-19T23:22:18","date_gmt":"2025-10-19T23:22:18","guid":{"rendered":"https:\/\/ravpsd.hekko24.pl\/ben\/?p=34690"},"modified":"2025-10-19T23:22:18","modified_gmt":"2025-10-19T23:22:18","slug":"kiermasz-dzieci-maryi","status":"publish","type":"post","link":"https:\/\/ravpsd.hekko24.pl\/ben\/kiermasz-dzieci-maryi\/","title":{"rendered":"KIERMASZ DZIECI MARYI\u00a0"},"content":{"rendered":"\n<p><strong>Na trzeci\u0105 niedziel\u0119 Adwentu<\/strong>&nbsp;\u2013 Niedziel\u0119 Rado\u015bci \u2013&nbsp;<strong>wsp\u00f3lnota Dzieci Maryi<\/strong>&nbsp;naszej parafii przygotowa\u0142a&nbsp;<strong>kiermasz stroik\u00f3w \u015bwi\u0105tecznych i ciast.<\/strong><\/p>\n\n\n\n<p><strong>Dzi\u0119kujemy wszystkim zaanga\u017cowanym w prac\u0119, szczeg\u00f3lnie pani Aldonie<\/strong>, a tak\u017ce gratulujemy dzieciom wytrwa\u0142o\u015bci w warsztatach i kiermaszowej sprzeda\u017cy.&nbsp;<strong>Wyrazy wdzi\u0119czno\u015bci kierujemy do parafian<\/strong>&nbsp;za zainteresowanie i z\u0142o\u017cone ofiary, kt\u00f3re zostan\u0105 przeznaczone na cele naszej grupy \u2013 zw\u0142aszcza na dofinansowanie rekolekcji zimowych i letnich.<\/p>\n","protected":false},"excerpt":{"rendered":"<p>Na trzeci\u0105 niedziel\u0119 Adwentu&nbsp;\u2013 Niedziel\u0119 Rado\u015bci \u2013&nbsp;wsp\u00f3lnota Dzieci Maryi&nbsp;naszej parafii przygotowa\u0142a&nbsp;kiermasz stroik\u00f3w \u015bwi\u0105tecznych i ciast. Dzi\u0119kujemy wszystkim zaanga\u017cowanym w prac\u0119,&#8230;<\/p>\n","protected":false},"author":1,"featured_media":34694,"comment_status":"closed","ping_status":"closed","sticky":false,"template":"single-fullwidth.php","format":"standard","meta":{"_acf_changed":false,"footnotes":""},"categories":[93],"tags":[],"class_list":{"0":"post-34690","1":"post","2":"type-post","3":"status-publish","4":"format-standard","5":"has-post-thumbnail","7":"category-wydarzenia"},"acf":[],"menu_order":0,"_links":{"self":[{"href":"https:\/\/ravpsd.hekko24.pl\/ben\/wp-json\/wp\/v2\/posts\/34690","targetHints":{"allow":["GET"]}}],"collection":[{"href":"https:\/\/ravpsd.hekko24.pl\/ben\/wp-json\/wp\/v2\/posts"}],"about":[{"href":"https:\/\/ravpsd.hekko24.pl\/ben\/wp-json\/wp\/v2\/types\/post"}],"author":[{"embeddable":true,"href":"https:\/\/ravpsd.hekko24.pl\/ben\/wp-json\/wp\/v2\/users\/1"}],"replies":[{"embeddable":true,"href":"https:\/\/ravpsd.hekko24.pl\/ben\/wp-json\/wp\/v2\/comments?post=34690"}],"version-history":[{"count":1,"href":"https:\/\/ravpsd.hekko24.pl\/ben\/wp-json\/wp\/v2\/posts\/34690\/revisions"}],"predecessor-version":[{"id":34697,"href":"https:\/\/ravpsd.hekko24.pl\/ben\/wp-json\/wp\/v2\/posts\/34690\/revisions\/34697"}],"wp:featuredmedia":[{"embeddable":true,"href":"https:\/\/ravpsd.hekko24.pl\/ben\/wp-json\/wp\/v2\/media\/34694"}],"wp:attachment":[{"href":"https:\/\/ravpsd.hekko24.pl\/ben\/wp-json\/wp\/v2\/media?parent=34690"}],"wp:term":[{"taxonomy":"category","embeddable":true,"href":"https:\/\/ravpsd.hekko24.pl\/ben\/wp-json\/wp\/v2\/categories?post=34690"},{"taxonomy":"post_tag","embeddable":true,"href":"https:\/\/ravpsd.hekko24.pl\/ben\/wp-json\/wp\/v2\/tags?post=34690"}],"curies":[{"name":"wp","href":"https:\/\/api.w.org\/{rel}","templated":true}]}}