{"id":34791,"date":"2025-10-19T23:29:19","date_gmt":"2025-10-19T23:29:19","guid":{"rendered":"https:\/\/ravpsd.hekko24.pl\/ben\/?p=34791"},"modified":"2025-10-19T23:29:19","modified_gmt":"2025-10-19T23:29:19","slug":"ministranci-na-etapie-diecezjalnym-ogonopolskiego-konkursu-wiedzy-biblijnej","status":"publish","type":"post","link":"https:\/\/ravpsd.hekko24.pl\/ben\/ministranci-na-etapie-diecezjalnym-ogonopolskiego-konkursu-wiedzy-biblijnej\/","title":{"rendered":"MINISTRANCI NA ETAPIE DIECEZJALNYM OG\u00d3NOPOLSKIEGO KONKURSU WIEDZY BIBLIJNEJ\u00a0"},"content":{"rendered":"\n<p><strong>W sobot\u0119 15 marca laureaci etapu parafialnego: Maciej Strzelec&nbsp;<\/strong>w starszej kategorii<strong>&nbsp;i Tomasz Kosche&nbsp;<\/strong>w m\u0142odszej kategorii wiekowej&nbsp;<strong>wzi\u0119li udzia\u0142 w etapie diecezjalnym Og\u00f3lnopolskiego Konkursu Wiedzy Biblijnej dla S\u0142u\u017cby Liturgicznej<\/strong>, kt\u00f3ry odby\u0142 si\u0119 w Parafii Podwy\u017cszenia Krzy\u017ca \u015awi\u0119tego i \u015bw. Herberta w Katowicach.<\/p>\n\n\n\n<p>Gratulujemy naszym ministrantom!<\/p>\n\n\n\n<p><strong>Tomasz zwyci\u0119\u017cy\u0142 w swojej kategorii wiekowej i b\u0119dzie reprezentowa\u0142 nie tylko nasz\u0105 parafi\u0119, ale tak\u017ce ca\u0142\u0105 nasz\u0105 archidiecezj\u0119 w etapie og\u00f3lnopolskim w Gda\u0144sku.<\/strong><\/p>\n\n\n\n<p>Jeste\u015bmy dumni z naszego ministranta i \u017cyczymy mu ostatecznego zwyci\u0119stwa w finale!<\/p>\n","protected":false},"excerpt":{"rendered":"<p>W sobot\u0119 15 marca laureaci etapu parafialnego: Maciej Strzelec&nbsp;w starszej kategorii&nbsp;i Tomasz Kosche&nbsp;w m\u0142odszej kategorii wiekowej&nbsp;wzi\u0119li udzia\u0142 w etapie diecezjalnym&#8230;<\/p>\n","protected":false},"author":1,"featured_media":34793,"comment_status":"closed","ping_status":"closed","sticky":false,"template":"single-fullwidth.php","format":"standard","meta":{"_acf_changed":false,"footnotes":""},"categories":[93],"tags":[],"class_list":{"0":"post-34791","1":"post","2":"type-post","3":"status-publish","4":"format-standard","5":"has-post-thumbnail","7":"category-wydarzenia"},"acf":[],"menu_order":0,"_links":{"self":[{"href":"https:\/\/ravpsd.hekko24.pl\/ben\/wp-json\/wp\/v2\/posts\/34791","targetHints":{"allow":["GET"]}}],"collection":[{"href":"https:\/\/ravpsd.hekko24.pl\/ben\/wp-json\/wp\/v2\/posts"}],"about":[{"href":"https:\/\/ravpsd.hekko24.pl\/ben\/wp-json\/wp\/v2\/types\/post"}],"author":[{"embeddable":true,"href":"https:\/\/ravpsd.hekko24.pl\/ben\/wp-json\/wp\/v2\/users\/1"}],"replies":[{"embeddable":true,"href":"https:\/\/ravpsd.hekko24.pl\/ben\/wp-json\/wp\/v2\/comments?post=34791"}],"version-history":[{"count":1,"href":"https:\/\/ravpsd.hekko24.pl\/ben\/wp-json\/wp\/v2\/posts\/34791\/revisions"}],"predecessor-version":[{"id":34797,"href":"https:\/\/ravpsd.hekko24.pl\/ben\/wp-json\/wp\/v2\/posts\/34791\/revisions\/34797"}],"wp:featuredmedia":[{"embeddable":true,"href":"https:\/\/ravpsd.hekko24.pl\/ben\/wp-json\/wp\/v2\/media\/34793"}],"wp:attachment":[{"href":"https:\/\/ravpsd.hekko24.pl\/ben\/wp-json\/wp\/v2\/media?parent=34791"}],"wp:term":[{"taxonomy":"category","embeddable":true,"href":"https:\/\/ravpsd.hekko24.pl\/ben\/wp-json\/wp\/v2\/categories?post=34791"},{"taxonomy":"post_tag","embeddable":true,"href":"https:\/\/ravpsd.hekko24.pl\/ben\/wp-json\/wp\/v2\/tags?post=34791"}],"curies":[{"name":"wp","href":"https:\/\/api.w.org\/{rel}","templated":true}]}}