{"id":34967,"date":"2025-10-19T23:39:30","date_gmt":"2025-10-19T23:39:30","guid":{"rendered":"https:\/\/ravpsd.hekko24.pl\/ben\/?p=34967"},"modified":"2025-10-19T23:39:31","modified_gmt":"2025-10-19T23:39:31","slug":"dzieci-maryi-w-katedrze","status":"publish","type":"post","link":"https:\/\/ravpsd.hekko24.pl\/ben\/dzieci-maryi-w-katedrze\/","title":{"rendered":"DZIECI MARYI W KATEDRZE"},"content":{"rendered":"\n<p><strong>We wtorek 22 kwietnia&nbsp;<\/strong>odby\u0142 si\u0119&nbsp;<strong>\u201eMaryjkowy trip do stolicy G\u00f3rnego \u015al\u0105ska\u201d. Cz\u0142onkinie wsp\u00f3lnoty Dzieci Maryi naszej parafii&nbsp;<\/strong>pojecha\u0142y poci\u0105giem do<strong>&nbsp;Katowic<\/strong>, gdzie sp\u0119dzi\u0142y dzie\u0144 wok\u00f3\u0142 najwa\u017cniejszej w archidiecezji \u015bwi\u0105tyni \u2013<strong>&nbsp;Archikatedry Chrystusa Kr\u00f3la.<\/strong><\/p>\n\n\n\n<p>Dziewczynki zwiedza\u0142y Panteon G\u00f3rno\u015bl\u0105ski i wzi\u0119\u0142y udzia\u0142 w grze terenowej w muzeum oraz w warsztatach plastycznych \u201eOpowie\u015b\u0107 o niezwyk\u0142ych mieszkankach G\u00f3rnego \u015al\u0105ska\u201d, kt\u00f3rych ukoronowaniem by\u0142y samodzielnie wykonane przypinki. Dzieci Maryi uczestniczy\u0142y r\u00f3wnie\u017c w Mszy \u015bw. sprawowanej przez arcybiskupa Wiktora Skworca, kt\u00f3ry serdecznie si\u0119 ucieszy\u0142 z ich obecno\u015bci. Po Mszy wjecha\u0142y na taras widokowy na dachu katedry. Nie zabrak\u0142o tak\u017ce pocz\u0119stunku oraz wielu radosnych chwil integruj\u0105cych ca\u0142\u0105 wsp\u00f3lnot\u0119.<\/p>\n\n\n\n<p><strong>Wyjazd dofinansowany by\u0142 dzi\u0119ki \u015brodkom pozyskanym w czasie kiermaszu palm i ciast \u2013 za co parafianom dzi\u0119kujemy!<\/strong><\/p>\n","protected":false},"excerpt":{"rendered":"<p>We wtorek 22 kwietnia&nbsp;odby\u0142 si\u0119&nbsp;\u201eMaryjkowy trip do stolicy G\u00f3rnego \u015al\u0105ska\u201d. Cz\u0142onkinie wsp\u00f3lnoty Dzieci Maryi naszej parafii&nbsp;pojecha\u0142y poci\u0105giem do&nbsp;Katowic, gdzie sp\u0119dzi\u0142y&#8230;<\/p>\n","protected":false},"author":1,"featured_media":34968,"comment_status":"closed","ping_status":"closed","sticky":false,"template":"single-fullwidth.php","format":"standard","meta":{"_acf_changed":false,"footnotes":""},"categories":[93],"tags":[],"class_list":{"0":"post-34967","1":"post","2":"type-post","3":"status-publish","4":"format-standard","5":"has-post-thumbnail","7":"category-wydarzenia"},"acf":[],"menu_order":0,"_links":{"self":[{"href":"https:\/\/ravpsd.hekko24.pl\/ben\/wp-json\/wp\/v2\/posts\/34967","targetHints":{"allow":["GET"]}}],"collection":[{"href":"https:\/\/ravpsd.hekko24.pl\/ben\/wp-json\/wp\/v2\/posts"}],"about":[{"href":"https:\/\/ravpsd.hekko24.pl\/ben\/wp-json\/wp\/v2\/types\/post"}],"author":[{"embeddable":true,"href":"https:\/\/ravpsd.hekko24.pl\/ben\/wp-json\/wp\/v2\/users\/1"}],"replies":[{"embeddable":true,"href":"https:\/\/ravpsd.hekko24.pl\/ben\/wp-json\/wp\/v2\/comments?post=34967"}],"version-history":[{"count":1,"href":"https:\/\/ravpsd.hekko24.pl\/ben\/wp-json\/wp\/v2\/posts\/34967\/revisions"}],"predecessor-version":[{"id":34976,"href":"https:\/\/ravpsd.hekko24.pl\/ben\/wp-json\/wp\/v2\/posts\/34967\/revisions\/34976"}],"wp:featuredmedia":[{"embeddable":true,"href":"https:\/\/ravpsd.hekko24.pl\/ben\/wp-json\/wp\/v2\/media\/34968"}],"wp:attachment":[{"href":"https:\/\/ravpsd.hekko24.pl\/ben\/wp-json\/wp\/v2\/media?parent=34967"}],"wp:term":[{"taxonomy":"category","embeddable":true,"href":"https:\/\/ravpsd.hekko24.pl\/ben\/wp-json\/wp\/v2\/categories?post=34967"},{"taxonomy":"post_tag","embeddable":true,"href":"https:\/\/ravpsd.hekko24.pl\/ben\/wp-json\/wp\/v2\/tags?post=34967"}],"curies":[{"name":"wp","href":"https:\/\/api.w.org\/{rel}","templated":true}]}}