{"id":34977,"date":"2025-10-19T23:40:32","date_gmt":"2025-10-19T23:40:32","guid":{"rendered":"https:\/\/ravpsd.hekko24.pl\/ben\/?p=34977"},"modified":"2025-10-19T23:40:32","modified_gmt":"2025-10-19T23:40:32","slug":"czwarte-miejsce-naszego-ministranta-w-finale-ogolnopolskiego-konkursu-wiedzy-biblijnej","status":"publish","type":"post","link":"https:\/\/ravpsd.hekko24.pl\/ben\/czwarte-miejsce-naszego-ministranta-w-finale-ogolnopolskiego-konkursu-wiedzy-biblijnej\/","title":{"rendered":"CZWARTE MIEJSCE NASZEGO MINISTRANTA W FINALE OG\u00d3LNOPOLSKIEGO KONKURSU WIEDZY BIBLIJNEJ"},"content":{"rendered":"\n<p><strong>Nasz ministrant Tomasz Kosche zdoby\u0142 czwarte miejsce w finale Og\u00f3lnopolskiego Konkursu Wiedzy Biblijnej<\/strong>, kt\u00f3ry odby\u0142 si\u0119&nbsp;<strong>w Gda\u0144sku w pi\u0105tek i sobot\u0119 25 i 26 kwietnia.<\/strong><\/p>\n\n\n\n<p>Po zwyci\u0119stwach na etapach parafialnych i diecezjalnych niemal 80 ministrant\u00f3w z ca\u0142ej Polski spotka\u0142o si\u0119 na fina\u0142owej rozgrywce.&nbsp;<strong>W pi\u0105tek, po pierwszej cz\u0119\u015bci (pisemnej) wy\u0142oniono pi\u0119ciu zwyci\u0119zc\u00f3w (w\u015br\u00f3d nich trzeciego w kolejno\u015bci Tomasza)<\/strong>, kt\u00f3rzy nast\u0119pnego dnia w historycznym refektarzu w kru\u017cgankach pocysterskich archikatedry oliwskiej zmierzyli si\u0119 w drugiej cz\u0119\u015bci (ustnej) z wymagaj\u0105cymi pytaniami opartymi na Ewangelii wed\u0142ug \u015bw. \u0141ukasza. Poziom wiedzy wszystkich uczestnik\u00f3w by\u0142 tak wyr\u00f3wnany, \u017ce potrzebne by\u0142y nieplanowane wcze\u015bniej emocjonuj\u0105ce dogrywki, aby wy\u0142oni\u0107 ostatecznych finalist\u00f3w.<\/p>\n\n\n\n<p>Tomasz wraz ze swoim ks. opiekunem i innymi finalistami uczestniczy\u0142 w Mszach \u015bw.: w Gda\u0144skim Seminarium Duchownym, sprawowanej przez biskupa Piotra Przyborka, a tak\u017ce w Bazylice Mariackiej w Gda\u0144sku. Wszyscy z lokalnym przewodnikiem podziwiali z katedralnej wie\u017cy panoram\u0119 miasta, zwiedzali najciekawsze zabytki i poznawali histori\u0119 Gda\u0144ska.<\/p>\n\n\n\n<p>Patronat honorowy nad konkursem obj\u0105\u0142 arcybiskup Tadeusz Wojda, metropolita gda\u0144ski i przewodnicz\u0105cy Konferencji Episkopatu Polski.<\/p>\n\n\n\n<p><strong>Jeste\u015bmy dumni z og\u00f3lnopolskiego sukcesu naszego ministranta. Tomaszowi gratulujemy i \u017cyczymy kolejnych zwyci\u0119stw!<\/strong><\/p>\n","protected":false},"excerpt":{"rendered":"<p>Nasz ministrant Tomasz Kosche zdoby\u0142 czwarte miejsce w finale Og\u00f3lnopolskiego Konkursu Wiedzy Biblijnej, kt\u00f3ry odby\u0142 si\u0119&nbsp;w Gda\u0144sku w pi\u0105tek i&#8230;<\/p>\n","protected":false},"author":1,"featured_media":34998,"comment_status":"closed","ping_status":"closed","sticky":false,"template":"single-fullwidth.php","format":"standard","meta":{"_acf_changed":false,"footnotes":""},"categories":[93],"tags":[],"class_list":{"0":"post-34977","1":"post","2":"type-post","3":"status-publish","4":"format-standard","5":"has-post-thumbnail","7":"category-wydarzenia"},"acf":[],"menu_order":0,"_links":{"self":[{"href":"https:\/\/ravpsd.hekko24.pl\/ben\/wp-json\/wp\/v2\/posts\/34977","targetHints":{"allow":["GET"]}}],"collection":[{"href":"https:\/\/ravpsd.hekko24.pl\/ben\/wp-json\/wp\/v2\/posts"}],"about":[{"href":"https:\/\/ravpsd.hekko24.pl\/ben\/wp-json\/wp\/v2\/types\/post"}],"author":[{"embeddable":true,"href":"https:\/\/ravpsd.hekko24.pl\/ben\/wp-json\/wp\/v2\/users\/1"}],"replies":[{"embeddable":true,"href":"https:\/\/ravpsd.hekko24.pl\/ben\/wp-json\/wp\/v2\/comments?post=34977"}],"version-history":[{"count":1,"href":"https:\/\/ravpsd.hekko24.pl\/ben\/wp-json\/wp\/v2\/posts\/34977\/revisions"}],"predecessor-version":[{"id":34999,"href":"https:\/\/ravpsd.hekko24.pl\/ben\/wp-json\/wp\/v2\/posts\/34977\/revisions\/34999"}],"wp:featuredmedia":[{"embeddable":true,"href":"https:\/\/ravpsd.hekko24.pl\/ben\/wp-json\/wp\/v2\/media\/34998"}],"wp:attachment":[{"href":"https:\/\/ravpsd.hekko24.pl\/ben\/wp-json\/wp\/v2\/media?parent=34977"}],"wp:term":[{"taxonomy":"category","embeddable":true,"href":"https:\/\/ravpsd.hekko24.pl\/ben\/wp-json\/wp\/v2\/categories?post=34977"},{"taxonomy":"post_tag","embeddable":true,"href":"https:\/\/ravpsd.hekko24.pl\/ben\/wp-json\/wp\/v2\/tags?post=34977"}],"curies":[{"name":"wp","href":"https:\/\/api.w.org\/{rel}","templated":true}]}}