{"id":35060,"date":"2025-10-19T23:43:42","date_gmt":"2025-10-19T23:43:42","guid":{"rendered":"https:\/\/ravpsd.hekko24.pl\/ben\/?p=35060"},"modified":"2025-10-19T23:43:42","modified_gmt":"2025-10-19T23:43:42","slug":"jubileusz-tyskiej-rodziny-karmelitanskiej","status":"publish","type":"post","link":"https:\/\/ravpsd.hekko24.pl\/ben\/jubileusz-tyskiej-rodziny-karmelitanskiej\/","title":{"rendered":"JUBILEUSZ TYSKIEJ RODZINY KARMELITA\u0143SKIEJ\u00a0"},"content":{"rendered":"\n<p><strong>W&nbsp;<\/strong><strong>czwartek 15 maja<\/strong>, w wigili\u0119 rzymskiego jubileuszu bractw religijnych,&nbsp;<strong>cz\u0142onkowie Bractwa Szkaplerznego<\/strong>&nbsp;z naszej parafii wraz z ks. Tomaszem i wsp\u00f3lnotami karmelita\u0144skimi z Tych\u00f3w zgromadzili si\u0119 na uroczystym \u015bwi\u0119towaniu&nbsp;<strong>jubileuszu Tyskiej Rodziny Karmelita\u0144skiej<\/strong>. Modlitwie i celebracji przewodniczy\u0142 o. dr W\u0142odzimierz Tochma\u0144ski, prowincjalny Szkaplerza \u015awi\u0119tego z klasztoru w Czernej.<\/p>\n\n\n\n<p>Po uroczystej Eucharystii wszyscy uczestniczyli w nabo\u017ce\u0144stwie majowym, zawierzaj\u0105c Matce Bo\u017cej Szkaplerznej Tyski Karmel. Nast\u0119pnie \u015bwi\u0119towali przy wsp\u00f3lnym stole.<\/p>\n\n\n\n<p><strong>Dzi\u0119kujemy pani przewodnicz\u0105cej Halinie J\u0119czalik za organizacj\u0119 tego uroczystego wydarzenia.<\/strong><\/p>\n","protected":false},"excerpt":{"rendered":"<p>W&nbsp;czwartek 15 maja, w wigili\u0119 rzymskiego jubileuszu bractw religijnych,&nbsp;cz\u0142onkowie Bractwa Szkaplerznego&nbsp;z naszej parafii wraz z ks. Tomaszem i wsp\u00f3lnotami karmelita\u0144skimi&#8230;<\/p>\n","protected":false},"author":1,"featured_media":35063,"comment_status":"closed","ping_status":"closed","sticky":false,"template":"single-fullwidth.php","format":"standard","meta":{"_acf_changed":false,"footnotes":""},"categories":[93],"tags":[],"class_list":{"0":"post-35060","1":"post","2":"type-post","3":"status-publish","4":"format-standard","5":"has-post-thumbnail","7":"category-wydarzenia"},"acf":[],"menu_order":0,"_links":{"self":[{"href":"https:\/\/ravpsd.hekko24.pl\/ben\/wp-json\/wp\/v2\/posts\/35060","targetHints":{"allow":["GET"]}}],"collection":[{"href":"https:\/\/ravpsd.hekko24.pl\/ben\/wp-json\/wp\/v2\/posts"}],"about":[{"href":"https:\/\/ravpsd.hekko24.pl\/ben\/wp-json\/wp\/v2\/types\/post"}],"author":[{"embeddable":true,"href":"https:\/\/ravpsd.hekko24.pl\/ben\/wp-json\/wp\/v2\/users\/1"}],"replies":[{"embeddable":true,"href":"https:\/\/ravpsd.hekko24.pl\/ben\/wp-json\/wp\/v2\/comments?post=35060"}],"version-history":[{"count":1,"href":"https:\/\/ravpsd.hekko24.pl\/ben\/wp-json\/wp\/v2\/posts\/35060\/revisions"}],"predecessor-version":[{"id":35073,"href":"https:\/\/ravpsd.hekko24.pl\/ben\/wp-json\/wp\/v2\/posts\/35060\/revisions\/35073"}],"wp:featuredmedia":[{"embeddable":true,"href":"https:\/\/ravpsd.hekko24.pl\/ben\/wp-json\/wp\/v2\/media\/35063"}],"wp:attachment":[{"href":"https:\/\/ravpsd.hekko24.pl\/ben\/wp-json\/wp\/v2\/media?parent=35060"}],"wp:term":[{"taxonomy":"category","embeddable":true,"href":"https:\/\/ravpsd.hekko24.pl\/ben\/wp-json\/wp\/v2\/categories?post=35060"},{"taxonomy":"post_tag","embeddable":true,"href":"https:\/\/ravpsd.hekko24.pl\/ben\/wp-json\/wp\/v2\/tags?post=35060"}],"curies":[{"name":"wp","href":"https:\/\/api.w.org\/{rel}","templated":true}]}}