{"id":35074,"date":"2025-10-19T23:44:29","date_gmt":"2025-10-19T23:44:29","guid":{"rendered":"https:\/\/ravpsd.hekko24.pl\/ben\/?p=35074"},"modified":"2025-10-19T23:44:30","modified_gmt":"2025-10-19T23:44:30","slug":"piesza-pielgrzymka-do-katedry","status":"publish","type":"post","link":"https:\/\/ravpsd.hekko24.pl\/ben\/piesza-pielgrzymka-do-katedry\/","title":{"rendered":"PIESZA PIELGRZYMKA DO KATEDRY"},"content":{"rendered":"\n<p><strong>W s<strong>obot\u0119 17 maja nasi parafianie\u00a0<\/strong><\/strong>wraz z ks. Tomaszem i innymi mieszka\u0144cami Tych\u00f3w<strong>\u00a0<strong>uczestniczyli w pieszej pielgrzymce do Katedry Chrystusa Kr\u00f3la w Katowicach.\u00a0<\/strong><\/strong>Zaanga\u017cowali si\u0119 r\u00f3wnie\u017c aktywnie, wraz z doje\u017cd\u017caj\u0105cymi pielgrzymami, w pos\u0142ug\u0119 w czasie uroczystej Mszy \u015bw. pod przewodnictwem biskupa Grzegorza Olszowskiego.<\/p>\n","protected":false},"excerpt":{"rendered":"<p>W sobot\u0119 17 maja nasi parafianie\u00a0wraz z ks. Tomaszem i innymi mieszka\u0144cami Tych\u00f3w\u00a0uczestniczyli w pieszej pielgrzymce do Katedry Chrystusa Kr\u00f3la&#8230;<\/p>\n","protected":false},"author":1,"featured_media":35089,"comment_status":"closed","ping_status":"closed","sticky":false,"template":"single-fullwidth.php","format":"standard","meta":{"_acf_changed":false,"footnotes":""},"categories":[93],"tags":[],"class_list":{"0":"post-35074","1":"post","2":"type-post","3":"status-publish","4":"format-standard","5":"has-post-thumbnail","7":"category-wydarzenia"},"acf":[],"menu_order":0,"_links":{"self":[{"href":"https:\/\/ravpsd.hekko24.pl\/ben\/wp-json\/wp\/v2\/posts\/35074","targetHints":{"allow":["GET"]}}],"collection":[{"href":"https:\/\/ravpsd.hekko24.pl\/ben\/wp-json\/wp\/v2\/posts"}],"about":[{"href":"https:\/\/ravpsd.hekko24.pl\/ben\/wp-json\/wp\/v2\/types\/post"}],"author":[{"embeddable":true,"href":"https:\/\/ravpsd.hekko24.pl\/ben\/wp-json\/wp\/v2\/users\/1"}],"replies":[{"embeddable":true,"href":"https:\/\/ravpsd.hekko24.pl\/ben\/wp-json\/wp\/v2\/comments?post=35074"}],"version-history":[{"count":1,"href":"https:\/\/ravpsd.hekko24.pl\/ben\/wp-json\/wp\/v2\/posts\/35074\/revisions"}],"predecessor-version":[{"id":35099,"href":"https:\/\/ravpsd.hekko24.pl\/ben\/wp-json\/wp\/v2\/posts\/35074\/revisions\/35099"}],"wp:featuredmedia":[{"embeddable":true,"href":"https:\/\/ravpsd.hekko24.pl\/ben\/wp-json\/wp\/v2\/media\/35089"}],"wp:attachment":[{"href":"https:\/\/ravpsd.hekko24.pl\/ben\/wp-json\/wp\/v2\/media?parent=35074"}],"wp:term":[{"taxonomy":"category","embeddable":true,"href":"https:\/\/ravpsd.hekko24.pl\/ben\/wp-json\/wp\/v2\/categories?post=35074"},{"taxonomy":"post_tag","embeddable":true,"href":"https:\/\/ravpsd.hekko24.pl\/ben\/wp-json\/wp\/v2\/tags?post=35074"}],"curies":[{"name":"wp","href":"https:\/\/api.w.org\/{rel}","templated":true}]}}