{"id":35100,"date":"2025-10-19T23:45:31","date_gmt":"2025-10-19T23:45:31","guid":{"rendered":"https:\/\/ravpsd.hekko24.pl\/ben\/?p=35100"},"modified":"2025-10-19T23:45:31","modified_gmt":"2025-10-19T23:45:31","slug":"reprezentacja-dzieci-maryi-w-rzymie","status":"publish","type":"post","link":"https:\/\/ravpsd.hekko24.pl\/ben\/reprezentacja-dzieci-maryi-w-rzymie\/","title":{"rendered":"REPREZENTACJA DZIECI MARYI W RZYMIE"},"content":{"rendered":"\n<p>W Roku Jubileuszowym<strong>\u00a0<strong>reprezentacja Dzieci Maryi odwiedzi\u0142a Rzym.<\/strong>\u00a0<\/strong>Pani Magdalena, animatorka Maria oraz Zosia u grobu Aposto\u0142\u00f3w Piotra i Paw\u0142a, \u015bw. Jana Paw\u0142a II, a tak\u017ce papie\u017ca Franciszka modli\u0142y si\u0119 za cz\u0142onk\u00f3w wsp\u00f3lnoty Dzieci Maryi i ca\u0142\u0105 nasz\u0105 parafi\u0119.<\/p>\n","protected":false},"excerpt":{"rendered":"<p>W Roku Jubileuszowym\u00a0reprezentacja Dzieci Maryi odwiedzi\u0142a Rzym.\u00a0Pani Magdalena, animatorka Maria oraz Zosia u grobu Aposto\u0142\u00f3w Piotra i Paw\u0142a, \u015bw. Jana&#8230;<\/p>\n","protected":false},"author":1,"featured_media":35104,"comment_status":"closed","ping_status":"closed","sticky":false,"template":"single-fullwidth.php","format":"standard","meta":{"_acf_changed":false,"footnotes":""},"categories":[93],"tags":[],"class_list":{"0":"post-35100","1":"post","2":"type-post","3":"status-publish","4":"format-standard","5":"has-post-thumbnail","7":"category-wydarzenia"},"acf":[],"menu_order":0,"_links":{"self":[{"href":"https:\/\/ravpsd.hekko24.pl\/ben\/wp-json\/wp\/v2\/posts\/35100","targetHints":{"allow":["GET"]}}],"collection":[{"href":"https:\/\/ravpsd.hekko24.pl\/ben\/wp-json\/wp\/v2\/posts"}],"about":[{"href":"https:\/\/ravpsd.hekko24.pl\/ben\/wp-json\/wp\/v2\/types\/post"}],"author":[{"embeddable":true,"href":"https:\/\/ravpsd.hekko24.pl\/ben\/wp-json\/wp\/v2\/users\/1"}],"replies":[{"embeddable":true,"href":"https:\/\/ravpsd.hekko24.pl\/ben\/wp-json\/wp\/v2\/comments?post=35100"}],"version-history":[{"count":1,"href":"https:\/\/ravpsd.hekko24.pl\/ben\/wp-json\/wp\/v2\/posts\/35100\/revisions"}],"predecessor-version":[{"id":35106,"href":"https:\/\/ravpsd.hekko24.pl\/ben\/wp-json\/wp\/v2\/posts\/35100\/revisions\/35106"}],"wp:featuredmedia":[{"embeddable":true,"href":"https:\/\/ravpsd.hekko24.pl\/ben\/wp-json\/wp\/v2\/media\/35104"}],"wp:attachment":[{"href":"https:\/\/ravpsd.hekko24.pl\/ben\/wp-json\/wp\/v2\/media?parent=35100"}],"wp:term":[{"taxonomy":"category","embeddable":true,"href":"https:\/\/ravpsd.hekko24.pl\/ben\/wp-json\/wp\/v2\/categories?post=35100"},{"taxonomy":"post_tag","embeddable":true,"href":"https:\/\/ravpsd.hekko24.pl\/ben\/wp-json\/wp\/v2\/tags?post=35100"}],"curies":[{"name":"wp","href":"https:\/\/api.w.org\/{rel}","templated":true}]}}