{"id":35107,"date":"2025-10-19T23:46:24","date_gmt":"2025-10-19T23:46:24","guid":{"rendered":"https:\/\/ravpsd.hekko24.pl\/ben\/?p=35107"},"modified":"2025-10-19T23:46:24","modified_gmt":"2025-10-19T23:46:24","slug":"dzieci-maryi-w-osrodku-rehabilitacyjno-edukacyjno-wychowawczym","status":"publish","type":"post","link":"https:\/\/ravpsd.hekko24.pl\/ben\/dzieci-maryi-w-osrodku-rehabilitacyjno-edukacyjno-wychowawczym\/","title":{"rendered":"DZIECI MARYI W O\u015aRODKU REHABILITACYJNO-EDUKACYJNO-WYCHOWAWCZYM"},"content":{"rendered":"\n<p><strong>W s<strong>obot\u0119 24 maja Dzieci Maryi z naszej parafii s\u0142u\u017cy\u0142y dzieciom z O\u015brodka Rehabilitacyjno-Edukacyjno-Wychowawczego<\/strong>, kt\u00f3re tego dnia przyst\u0119powa\u0142y do Pierwszej Komunii \u015awi\u0119tej w Parafii \u015bw. Krzysztofa w Tychach. C<\/strong>ieszy\u0142y si\u0119, \u017ce swym g\u0142osem i r\u0119kami, czytaj\u0105c i \u015bpiewaj\u0105c, dziel\u0105c si\u0119 otrzymanymi od Boga darami, mog\u0142y ubogaci\u0107 t\u0119 uroczysto\u015b\u0107.<\/p>\n","protected":false},"excerpt":{"rendered":"<p>W sobot\u0119 24 maja Dzieci Maryi z naszej parafii s\u0142u\u017cy\u0142y dzieciom z O\u015brodka Rehabilitacyjno-Edukacyjno-Wychowawczego, kt\u00f3re tego dnia przyst\u0119powa\u0142y do Pierwszej&#8230;<\/p>\n","protected":false},"author":1,"featured_media":35110,"comment_status":"closed","ping_status":"closed","sticky":false,"template":"single-fullwidth.php","format":"standard","meta":{"_acf_changed":false,"footnotes":""},"categories":[93],"tags":[],"class_list":{"0":"post-35107","1":"post","2":"type-post","3":"status-publish","4":"format-standard","5":"has-post-thumbnail","7":"category-wydarzenia"},"acf":[],"menu_order":0,"_links":{"self":[{"href":"https:\/\/ravpsd.hekko24.pl\/ben\/wp-json\/wp\/v2\/posts\/35107","targetHints":{"allow":["GET"]}}],"collection":[{"href":"https:\/\/ravpsd.hekko24.pl\/ben\/wp-json\/wp\/v2\/posts"}],"about":[{"href":"https:\/\/ravpsd.hekko24.pl\/ben\/wp-json\/wp\/v2\/types\/post"}],"author":[{"embeddable":true,"href":"https:\/\/ravpsd.hekko24.pl\/ben\/wp-json\/wp\/v2\/users\/1"}],"replies":[{"embeddable":true,"href":"https:\/\/ravpsd.hekko24.pl\/ben\/wp-json\/wp\/v2\/comments?post=35107"}],"version-history":[{"count":1,"href":"https:\/\/ravpsd.hekko24.pl\/ben\/wp-json\/wp\/v2\/posts\/35107\/revisions"}],"predecessor-version":[{"id":35111,"href":"https:\/\/ravpsd.hekko24.pl\/ben\/wp-json\/wp\/v2\/posts\/35107\/revisions\/35111"}],"wp:featuredmedia":[{"embeddable":true,"href":"https:\/\/ravpsd.hekko24.pl\/ben\/wp-json\/wp\/v2\/media\/35110"}],"wp:attachment":[{"href":"https:\/\/ravpsd.hekko24.pl\/ben\/wp-json\/wp\/v2\/media?parent=35107"}],"wp:term":[{"taxonomy":"category","embeddable":true,"href":"https:\/\/ravpsd.hekko24.pl\/ben\/wp-json\/wp\/v2\/categories?post=35107"},{"taxonomy":"post_tag","embeddable":true,"href":"https:\/\/ravpsd.hekko24.pl\/ben\/wp-json\/wp\/v2\/tags?post=35107"}],"curies":[{"name":"wp","href":"https:\/\/api.w.org\/{rel}","templated":true}]}}