{"id":35116,"date":"2025-10-19T23:48:26","date_gmt":"2025-10-19T23:48:26","guid":{"rendered":"https:\/\/ravpsd.hekko24.pl\/ben\/?p=35116"},"modified":"2025-10-19T23:48:26","modified_gmt":"2025-10-19T23:48:26","slug":"bierzmowanie","status":"publish","type":"post","link":"https:\/\/ravpsd.hekko24.pl\/ben\/bierzmowanie\/","title":{"rendered":"BIERZMOWANIE"},"content":{"rendered":"\n<p><strong>W czwartek 29 maja biskup Adam Wodarczyk udzieli\u0142 m\u0142odzie\u017cy&nbsp;<\/strong>w naszej parafii<strong>&nbsp;sakramentu bierzmowania.<\/strong><\/p>\n","protected":false},"excerpt":{"rendered":"<p>W czwartek 29 maja biskup Adam Wodarczyk udzieli\u0142 m\u0142odzie\u017cy&nbsp;w naszej parafii&nbsp;sakramentu bierzmowania.<\/p>\n","protected":false},"author":1,"featured_media":35122,"comment_status":"closed","ping_status":"closed","sticky":false,"template":"single-fullwidth.php","format":"standard","meta":{"_acf_changed":false,"footnotes":""},"categories":[93],"tags":[],"class_list":{"0":"post-35116","1":"post","2":"type-post","3":"status-publish","4":"format-standard","5":"has-post-thumbnail","7":"category-wydarzenia"},"acf":[],"menu_order":0,"_links":{"self":[{"href":"https:\/\/ravpsd.hekko24.pl\/ben\/wp-json\/wp\/v2\/posts\/35116","targetHints":{"allow":["GET"]}}],"collection":[{"href":"https:\/\/ravpsd.hekko24.pl\/ben\/wp-json\/wp\/v2\/posts"}],"about":[{"href":"https:\/\/ravpsd.hekko24.pl\/ben\/wp-json\/wp\/v2\/types\/post"}],"author":[{"embeddable":true,"href":"https:\/\/ravpsd.hekko24.pl\/ben\/wp-json\/wp\/v2\/users\/1"}],"replies":[{"embeddable":true,"href":"https:\/\/ravpsd.hekko24.pl\/ben\/wp-json\/wp\/v2\/comments?post=35116"}],"version-history":[{"count":1,"href":"https:\/\/ravpsd.hekko24.pl\/ben\/wp-json\/wp\/v2\/posts\/35116\/revisions"}],"predecessor-version":[{"id":35212,"href":"https:\/\/ravpsd.hekko24.pl\/ben\/wp-json\/wp\/v2\/posts\/35116\/revisions\/35212"}],"wp:featuredmedia":[{"embeddable":true,"href":"https:\/\/ravpsd.hekko24.pl\/ben\/wp-json\/wp\/v2\/media\/35122"}],"wp:attachment":[{"href":"https:\/\/ravpsd.hekko24.pl\/ben\/wp-json\/wp\/v2\/media?parent=35116"}],"wp:term":[{"taxonomy":"category","embeddable":true,"href":"https:\/\/ravpsd.hekko24.pl\/ben\/wp-json\/wp\/v2\/categories?post=35116"},{"taxonomy":"post_tag","embeddable":true,"href":"https:\/\/ravpsd.hekko24.pl\/ben\/wp-json\/wp\/v2\/tags?post=35116"}],"curies":[{"name":"wp","href":"https:\/\/api.w.org\/{rel}","templated":true}]}}