{"id":35213,"date":"2025-10-19T23:49:12","date_gmt":"2025-10-19T23:49:12","guid":{"rendered":"https:\/\/ravpsd.hekko24.pl\/ben\/?p=35213"},"modified":"2025-10-19T23:49:12","modified_gmt":"2025-10-19T23:49:12","slug":"ministranci-w-wisle","status":"publish","type":"post","link":"https:\/\/ravpsd.hekko24.pl\/ben\/ministranci-w-wisle\/","title":{"rendered":"MINISTRANCI W WI\u015aLE"},"content":{"rendered":"\n<p><strong>W&nbsp;<\/strong><strong>sobot\u0119 31 maja nasi ministranci wraz z rodzicami, rodze\u0144stwem i ks. Tomaszem pojechali do Wis\u0142y.<\/strong><\/p>\n\n\n\n<p>Ze stacji kolejowej Wis\u0142a G\u0142\u0119bce udali si\u0119 w kierunku Sto\u017cka Wielkiego. Na szczycie przy schronisku rozpalili ognisko, przy kt\u00f3rym posilili si\u0119 samodzielnie upieczonymi kie\u0142baskami. Nast\u0119pnie przez Sosz\u00f3w Wielki przemierzyli tras\u0119 do Wis\u0142y Dziechcinki i Wis\u0142y Centrum. Mimo trudu i wysi\u0142ku zwi\u0105zanego z w\u0119drowaniem nikomu nie brakowa\u0142o dobrego humoru.<\/p>\n\n\n\n<p><strong>Dzi\u0119kujemy bardzo serdecznie pani Edycie Faron, kt\u00f3ra by\u0142a naszym przewodnikiem na g\u00f3rskim szlaku.<\/strong><\/p>\n","protected":false},"excerpt":{"rendered":"<p>W&nbsp;sobot\u0119 31 maja nasi ministranci wraz z rodzicami, rodze\u0144stwem i ks. Tomaszem pojechali do Wis\u0142y. Ze stacji kolejowej Wis\u0142a G\u0142\u0119bce&#8230;<\/p>\n","protected":false},"author":1,"featured_media":35230,"comment_status":"closed","ping_status":"closed","sticky":false,"template":"single-fullwidth.php","format":"standard","meta":{"_acf_changed":false,"footnotes":""},"categories":[93],"tags":[],"class_list":{"0":"post-35213","1":"post","2":"type-post","3":"status-publish","4":"format-standard","5":"has-post-thumbnail","7":"category-wydarzenia"},"acf":[],"menu_order":0,"_links":{"self":[{"href":"https:\/\/ravpsd.hekko24.pl\/ben\/wp-json\/wp\/v2\/posts\/35213","targetHints":{"allow":["GET"]}}],"collection":[{"href":"https:\/\/ravpsd.hekko24.pl\/ben\/wp-json\/wp\/v2\/posts"}],"about":[{"href":"https:\/\/ravpsd.hekko24.pl\/ben\/wp-json\/wp\/v2\/types\/post"}],"author":[{"embeddable":true,"href":"https:\/\/ravpsd.hekko24.pl\/ben\/wp-json\/wp\/v2\/users\/1"}],"replies":[{"embeddable":true,"href":"https:\/\/ravpsd.hekko24.pl\/ben\/wp-json\/wp\/v2\/comments?post=35213"}],"version-history":[{"count":1,"href":"https:\/\/ravpsd.hekko24.pl\/ben\/wp-json\/wp\/v2\/posts\/35213\/revisions"}],"predecessor-version":[{"id":35234,"href":"https:\/\/ravpsd.hekko24.pl\/ben\/wp-json\/wp\/v2\/posts\/35213\/revisions\/35234"}],"wp:featuredmedia":[{"embeddable":true,"href":"https:\/\/ravpsd.hekko24.pl\/ben\/wp-json\/wp\/v2\/media\/35230"}],"wp:attachment":[{"href":"https:\/\/ravpsd.hekko24.pl\/ben\/wp-json\/wp\/v2\/media?parent=35213"}],"wp:term":[{"taxonomy":"category","embeddable":true,"href":"https:\/\/ravpsd.hekko24.pl\/ben\/wp-json\/wp\/v2\/categories?post=35213"},{"taxonomy":"post_tag","embeddable":true,"href":"https:\/\/ravpsd.hekko24.pl\/ben\/wp-json\/wp\/v2\/tags?post=35213"}],"curies":[{"name":"wp","href":"https:\/\/api.w.org\/{rel}","templated":true}]}}