{"id":35235,"date":"2025-10-19T23:49:57","date_gmt":"2025-10-19T23:49:57","guid":{"rendered":"https:\/\/ravpsd.hekko24.pl\/ben\/?p=35235"},"modified":"2025-10-19T23:49:57","modified_gmt":"2025-10-19T23:49:57","slug":"spotkanie-bierzmowanych","status":"publish","type":"post","link":"https:\/\/ravpsd.hekko24.pl\/ben\/spotkanie-bierzmowanych\/","title":{"rendered":"SPOTKANIE BIERZMOWANYCH"},"content":{"rendered":"\n<p><strong>W&nbsp;<\/strong><strong>czwartek 5 czerwca m\u0142odzie\u017c<\/strong>, kt\u00f3ra w naszej parafii przyj\u0119\u0142a sakrament bierzmowania,&nbsp;<strong>zako\u0144czy\u0142a rok formacji integracyjnym spotkaniem przy stole.<\/strong><\/p>\n\n\n\n<p><strong>Dzi\u0119kujemy pa\u0144stwu Monice i Krzysztofowi Sobiegrajom za zaanga\u017cowanie w czasie prowadzonych spotka\u0144 formacyjnych.<\/strong><\/p>\n","protected":false},"excerpt":{"rendered":"<p>W&nbsp;czwartek 5 czerwca m\u0142odzie\u017c, kt\u00f3ra w naszej parafii przyj\u0119\u0142a sakrament bierzmowania,&nbsp;zako\u0144czy\u0142a rok formacji integracyjnym spotkaniem przy stole. Dzi\u0119kujemy pa\u0144stwu Monice&#8230;<\/p>\n","protected":false},"author":1,"featured_media":35241,"comment_status":"closed","ping_status":"closed","sticky":false,"template":"single-fullwidth.php","format":"standard","meta":{"_acf_changed":false,"footnotes":""},"categories":[93],"tags":[],"class_list":{"0":"post-35235","1":"post","2":"type-post","3":"status-publish","4":"format-standard","5":"has-post-thumbnail","7":"category-wydarzenia"},"acf":[],"menu_order":0,"_links":{"self":[{"href":"https:\/\/ravpsd.hekko24.pl\/ben\/wp-json\/wp\/v2\/posts\/35235","targetHints":{"allow":["GET"]}}],"collection":[{"href":"https:\/\/ravpsd.hekko24.pl\/ben\/wp-json\/wp\/v2\/posts"}],"about":[{"href":"https:\/\/ravpsd.hekko24.pl\/ben\/wp-json\/wp\/v2\/types\/post"}],"author":[{"embeddable":true,"href":"https:\/\/ravpsd.hekko24.pl\/ben\/wp-json\/wp\/v2\/users\/1"}],"replies":[{"embeddable":true,"href":"https:\/\/ravpsd.hekko24.pl\/ben\/wp-json\/wp\/v2\/comments?post=35235"}],"version-history":[{"count":1,"href":"https:\/\/ravpsd.hekko24.pl\/ben\/wp-json\/wp\/v2\/posts\/35235\/revisions"}],"predecessor-version":[{"id":35242,"href":"https:\/\/ravpsd.hekko24.pl\/ben\/wp-json\/wp\/v2\/posts\/35235\/revisions\/35242"}],"wp:featuredmedia":[{"embeddable":true,"href":"https:\/\/ravpsd.hekko24.pl\/ben\/wp-json\/wp\/v2\/media\/35241"}],"wp:attachment":[{"href":"https:\/\/ravpsd.hekko24.pl\/ben\/wp-json\/wp\/v2\/media?parent=35235"}],"wp:term":[{"taxonomy":"category","embeddable":true,"href":"https:\/\/ravpsd.hekko24.pl\/ben\/wp-json\/wp\/v2\/categories?post=35235"},{"taxonomy":"post_tag","embeddable":true,"href":"https:\/\/ravpsd.hekko24.pl\/ben\/wp-json\/wp\/v2\/tags?post=35235"}],"curies":[{"name":"wp","href":"https:\/\/api.w.org\/{rel}","templated":true}]}}