{"id":35250,"date":"2025-10-19T23:51:29","date_gmt":"2025-10-19T23:51:29","guid":{"rendered":"https:\/\/ravpsd.hekko24.pl\/ben\/?p=35250"},"modified":"2025-10-19T23:51:29","modified_gmt":"2025-10-19T23:51:29","slug":"nasi-ministranci-na-stuleciu-archidiecezji","status":"publish","type":"post","link":"https:\/\/ravpsd.hekko24.pl\/ben\/nasi-ministranci-na-stuleciu-archidiecezji\/","title":{"rendered":"NASI MINISTRANCI NA STULECIU ARCHIDIECEZJI\u00a0"},"content":{"rendered":"\n<p><strong><strong>W \u015brod\u0119 11 czerwca w Katedrze Chrystusa Kr\u00f3la w Katowicach odby\u0142y si\u0119 centralne obchody 100-lecia naszej archidiecezji.\u00a0<\/strong>Byli na nich r\u00f3wnie\u017c obecni nasi ministranci.<\/strong><\/p>\n","protected":false},"excerpt":{"rendered":"<p>W \u015brod\u0119 11 czerwca w Katedrze Chrystusa Kr\u00f3la w Katowicach odby\u0142y si\u0119 centralne obchody 100-lecia naszej archidiecezji.\u00a0Byli na nich r\u00f3wnie\u017c&#8230;<\/p>\n","protected":false},"author":1,"featured_media":35253,"comment_status":"closed","ping_status":"closed","sticky":false,"template":"single-fullwidth.php","format":"standard","meta":{"_acf_changed":false,"footnotes":""},"categories":[93],"tags":[],"class_list":{"0":"post-35250","1":"post","2":"type-post","3":"status-publish","4":"format-standard","5":"has-post-thumbnail","7":"category-wydarzenia"},"acf":[],"menu_order":0,"_links":{"self":[{"href":"https:\/\/ravpsd.hekko24.pl\/ben\/wp-json\/wp\/v2\/posts\/35250","targetHints":{"allow":["GET"]}}],"collection":[{"href":"https:\/\/ravpsd.hekko24.pl\/ben\/wp-json\/wp\/v2\/posts"}],"about":[{"href":"https:\/\/ravpsd.hekko24.pl\/ben\/wp-json\/wp\/v2\/types\/post"}],"author":[{"embeddable":true,"href":"https:\/\/ravpsd.hekko24.pl\/ben\/wp-json\/wp\/v2\/users\/1"}],"replies":[{"embeddable":true,"href":"https:\/\/ravpsd.hekko24.pl\/ben\/wp-json\/wp\/v2\/comments?post=35250"}],"version-history":[{"count":1,"href":"https:\/\/ravpsd.hekko24.pl\/ben\/wp-json\/wp\/v2\/posts\/35250\/revisions"}],"predecessor-version":[{"id":35256,"href":"https:\/\/ravpsd.hekko24.pl\/ben\/wp-json\/wp\/v2\/posts\/35250\/revisions\/35256"}],"wp:featuredmedia":[{"embeddable":true,"href":"https:\/\/ravpsd.hekko24.pl\/ben\/wp-json\/wp\/v2\/media\/35253"}],"wp:attachment":[{"href":"https:\/\/ravpsd.hekko24.pl\/ben\/wp-json\/wp\/v2\/media?parent=35250"}],"wp:term":[{"taxonomy":"category","embeddable":true,"href":"https:\/\/ravpsd.hekko24.pl\/ben\/wp-json\/wp\/v2\/categories?post=35250"},{"taxonomy":"post_tag","embeddable":true,"href":"https:\/\/ravpsd.hekko24.pl\/ben\/wp-json\/wp\/v2\/tags?post=35250"}],"curies":[{"name":"wp","href":"https:\/\/api.w.org\/{rel}","templated":true}]}}