{"id":35299,"date":"2025-10-19T23:54:38","date_gmt":"2025-10-19T23:54:38","guid":{"rendered":"https:\/\/ravpsd.hekko24.pl\/ben\/?p=35299"},"modified":"2025-10-19T23:54:38","modified_gmt":"2025-10-19T23:54:38","slug":"nowy-animator-naszych-ministrantow","status":"publish","type":"post","link":"https:\/\/ravpsd.hekko24.pl\/ben\/nowy-animator-naszych-ministrantow\/","title":{"rendered":"NOWY ANIMATOR NASZYCH MINISTRANT\u00d3W"},"content":{"rendered":"\n<p><strong>W sobot\u0119 21 czerwca biskup Grzegorz Olszowski ustanowi\u0142 animatorem cz\u0142onka naszej parafialnej s\u0142u\u017cby liturgicznej Macieja Strzelca.<\/strong><\/p>\n\n\n\n<p>Animator to osoba opiekuj\u0105ca si\u0119 ministrantami pod kierunkiem duszpasterza, prowadz\u0105ca spotkania formacyjne, b\u0119d\u0105ca dla nich wsparciem i przyk\u0142adem.<\/p>\n\n\n\n<p><strong>Maciejowi serdecznie gratulujemy!<\/strong><\/p>\n","protected":false},"excerpt":{"rendered":"<p>W sobot\u0119 21 czerwca biskup Grzegorz Olszowski ustanowi\u0142 animatorem cz\u0142onka naszej parafialnej s\u0142u\u017cby liturgicznej Macieja Strzelca. Animator to osoba opiekuj\u0105ca&#8230;<\/p>\n","protected":false},"author":1,"featured_media":35303,"comment_status":"closed","ping_status":"closed","sticky":false,"template":"single-fullwidth.php","format":"standard","meta":{"_acf_changed":false,"footnotes":""},"categories":[93],"tags":[],"class_list":{"0":"post-35299","1":"post","2":"type-post","3":"status-publish","4":"format-standard","5":"has-post-thumbnail","7":"category-wydarzenia"},"acf":[],"menu_order":0,"_links":{"self":[{"href":"https:\/\/ravpsd.hekko24.pl\/ben\/wp-json\/wp\/v2\/posts\/35299","targetHints":{"allow":["GET"]}}],"collection":[{"href":"https:\/\/ravpsd.hekko24.pl\/ben\/wp-json\/wp\/v2\/posts"}],"about":[{"href":"https:\/\/ravpsd.hekko24.pl\/ben\/wp-json\/wp\/v2\/types\/post"}],"author":[{"embeddable":true,"href":"https:\/\/ravpsd.hekko24.pl\/ben\/wp-json\/wp\/v2\/users\/1"}],"replies":[{"embeddable":true,"href":"https:\/\/ravpsd.hekko24.pl\/ben\/wp-json\/wp\/v2\/comments?post=35299"}],"version-history":[{"count":1,"href":"https:\/\/ravpsd.hekko24.pl\/ben\/wp-json\/wp\/v2\/posts\/35299\/revisions"}],"predecessor-version":[{"id":35304,"href":"https:\/\/ravpsd.hekko24.pl\/ben\/wp-json\/wp\/v2\/posts\/35299\/revisions\/35304"}],"wp:featuredmedia":[{"embeddable":true,"href":"https:\/\/ravpsd.hekko24.pl\/ben\/wp-json\/wp\/v2\/media\/35303"}],"wp:attachment":[{"href":"https:\/\/ravpsd.hekko24.pl\/ben\/wp-json\/wp\/v2\/media?parent=35299"}],"wp:term":[{"taxonomy":"category","embeddable":true,"href":"https:\/\/ravpsd.hekko24.pl\/ben\/wp-json\/wp\/v2\/categories?post=35299"},{"taxonomy":"post_tag","embeddable":true,"href":"https:\/\/ravpsd.hekko24.pl\/ben\/wp-json\/wp\/v2\/tags?post=35299"}],"curies":[{"name":"wp","href":"https:\/\/api.w.org\/{rel}","templated":true}]}}