{"id":35305,"date":"2025-10-19T23:55:39","date_gmt":"2025-10-19T23:55:39","guid":{"rendered":"https:\/\/ravpsd.hekko24.pl\/ben\/?p=35305"},"modified":"2025-10-19T23:55:39","modified_gmt":"2025-10-19T23:55:39","slug":"wycieczka-do-warszawy","status":"publish","type":"post","link":"https:\/\/ravpsd.hekko24.pl\/ben\/wycieczka-do-warszawy\/","title":{"rendered":"WYCIECZKA DO WARSZAWY"},"content":{"rendered":"\n<p><strong>We wtorek 24 czerwca nasi m\u0142odzi parafianie uczestniczyli w wycieczce do Warszawy, gdzie mogli zwiedzi\u0107 gmach Sejmu Rzeczpospolitej Polskiej.<\/strong><\/p>\n\n\n\n<p>W kaplicy sejmowej pod przewodnictwem ks. Tomasza wszyscy pomodlili si\u0119 za nasz\u0105 Ojczyzn\u0119. Obserwowali r\u00f3wnie\u017c obrady sejmu, a potem zjedli smaczny i po\u017cywny obiad w restauracji sejmowej. Mieli tak\u017ce okazj\u0119 pospacerowa\u0107 po warszawskich \u0141azienkach Kr\u00f3lewskich.<\/p>\n\n\n\n<p><strong>Dzi\u0119kujemy pani pose\u0142 Bo\u017cenie Borys-Szopie i panu pos\u0142owi Jerzemu Polaczkowi za zorganizowanie i ufundowanie dzieciom i m\u0142odzie\u017cy naszej parafii tak atrakcyjnego wyjazdu do stolicy, pe\u0142nego niezapomnianych prze\u017cy\u0107.<\/strong><\/p>\n","protected":false},"excerpt":{"rendered":"<p>We wtorek 24 czerwca nasi m\u0142odzi parafianie uczestniczyli w wycieczce do Warszawy, gdzie mogli zwiedzi\u0107 gmach Sejmu Rzeczpospolitej Polskiej. W&#8230;<\/p>\n","protected":false},"author":1,"featured_media":35318,"comment_status":"closed","ping_status":"closed","sticky":false,"template":"single-fullwidth.php","format":"standard","meta":{"_acf_changed":false,"footnotes":""},"categories":[93],"tags":[],"class_list":{"0":"post-35305","1":"post","2":"type-post","3":"status-publish","4":"format-standard","5":"has-post-thumbnail","7":"category-wydarzenia"},"acf":[],"menu_order":0,"_links":{"self":[{"href":"https:\/\/ravpsd.hekko24.pl\/ben\/wp-json\/wp\/v2\/posts\/35305","targetHints":{"allow":["GET"]}}],"collection":[{"href":"https:\/\/ravpsd.hekko24.pl\/ben\/wp-json\/wp\/v2\/posts"}],"about":[{"href":"https:\/\/ravpsd.hekko24.pl\/ben\/wp-json\/wp\/v2\/types\/post"}],"author":[{"embeddable":true,"href":"https:\/\/ravpsd.hekko24.pl\/ben\/wp-json\/wp\/v2\/users\/1"}],"replies":[{"embeddable":true,"href":"https:\/\/ravpsd.hekko24.pl\/ben\/wp-json\/wp\/v2\/comments?post=35305"}],"version-history":[{"count":1,"href":"https:\/\/ravpsd.hekko24.pl\/ben\/wp-json\/wp\/v2\/posts\/35305\/revisions"}],"predecessor-version":[{"id":35336,"href":"https:\/\/ravpsd.hekko24.pl\/ben\/wp-json\/wp\/v2\/posts\/35305\/revisions\/35336"}],"wp:featuredmedia":[{"embeddable":true,"href":"https:\/\/ravpsd.hekko24.pl\/ben\/wp-json\/wp\/v2\/media\/35318"}],"wp:attachment":[{"href":"https:\/\/ravpsd.hekko24.pl\/ben\/wp-json\/wp\/v2\/media?parent=35305"}],"wp:term":[{"taxonomy":"category","embeddable":true,"href":"https:\/\/ravpsd.hekko24.pl\/ben\/wp-json\/wp\/v2\/categories?post=35305"},{"taxonomy":"post_tag","embeddable":true,"href":"https:\/\/ravpsd.hekko24.pl\/ben\/wp-json\/wp\/v2\/tags?post=35305"}],"curies":[{"name":"wp","href":"https:\/\/api.w.org\/{rel}","templated":true}]}}