{"id":35337,"date":"2025-10-19T23:56:48","date_gmt":"2025-10-19T23:56:48","guid":{"rendered":"https:\/\/ravpsd.hekko24.pl\/ben\/?p=35337"},"modified":"2025-10-19T23:56:48","modified_gmt":"2025-10-19T23:56:48","slug":"bractwo-szkaplerzne-w-siwcowce","status":"publish","type":"post","link":"https:\/\/ravpsd.hekko24.pl\/ben\/bractwo-szkaplerzne-w-siwcowce\/","title":{"rendered":"BRACTWO SZKAPLERZNE W SIWC\u00d3WCE"},"content":{"rendered":"\n<p><strong>W sobot\u0119 28 czerwca cz\u0142onkowie Bractwa Szkaplerznego z naszej parafii&nbsp;<\/strong>wraz ze swoim opiekunem ks. Tomaszem&nbsp;<strong>pielgrzymowali do Siwc\u00f3wki&nbsp;<\/strong>&#8211; miejsca \u017cycia \u015bwieckiej karmelitanki s\u0142u\u017cebnicy Bo\u017cej Kunegundy Siwiec.<\/p>\n\n\n\n<p>Uczestniczyli w uroczystej Mszy \u015bw. pod przewodnictwem o. Tadeusza Florka, prowincja\u0142a krakowskiej prowincji karmelita\u0144skiej, po kt\u00f3rej spo\u017cyli wsp\u00f3lny posi\u0142ek. Wys\u0142uchali konferencji formacyjnej i w g\u0142\u0119bokim modlitewnym wyciszeniu adorowali Naj\u015bwi\u0119tszy Sakrament. Obejrzeli r\u00f3wnie\u017c przedstawienie &#8222;Dro\u017cyna mi\u0142o\u015bci&#8221; ukazuj\u0105ce tre\u015b\u0107 objawie\u0144 s\u0142u\u017cebnicy Bo\u017cej, a tak\u017ce zwiedzili miejscowy klasztor si\u00f3str zmartwychwstanek i budynek Izby Pami\u0119ci po\u015bwi\u0119conej prymasowi Stefanowi Wyszy\u0144skiemu.<\/p>\n","protected":false},"excerpt":{"rendered":"<p>W sobot\u0119 28 czerwca cz\u0142onkowie Bractwa Szkaplerznego z naszej parafii&nbsp;wraz ze swoim opiekunem ks. Tomaszem&nbsp;pielgrzymowali do Siwc\u00f3wki&nbsp;&#8211; miejsca \u017cycia \u015bwieckiej&#8230;<\/p>\n","protected":false},"author":1,"featured_media":35340,"comment_status":"closed","ping_status":"closed","sticky":false,"template":"single-fullwidth.php","format":"standard","meta":{"_acf_changed":false,"footnotes":""},"categories":[93],"tags":[],"class_list":{"0":"post-35337","1":"post","2":"type-post","3":"status-publish","4":"format-standard","5":"has-post-thumbnail","7":"category-wydarzenia"},"acf":[],"menu_order":0,"_links":{"self":[{"href":"https:\/\/ravpsd.hekko24.pl\/ben\/wp-json\/wp\/v2\/posts\/35337","targetHints":{"allow":["GET"]}}],"collection":[{"href":"https:\/\/ravpsd.hekko24.pl\/ben\/wp-json\/wp\/v2\/posts"}],"about":[{"href":"https:\/\/ravpsd.hekko24.pl\/ben\/wp-json\/wp\/v2\/types\/post"}],"author":[{"embeddable":true,"href":"https:\/\/ravpsd.hekko24.pl\/ben\/wp-json\/wp\/v2\/users\/1"}],"replies":[{"embeddable":true,"href":"https:\/\/ravpsd.hekko24.pl\/ben\/wp-json\/wp\/v2\/comments?post=35337"}],"version-history":[{"count":1,"href":"https:\/\/ravpsd.hekko24.pl\/ben\/wp-json\/wp\/v2\/posts\/35337\/revisions"}],"predecessor-version":[{"id":35352,"href":"https:\/\/ravpsd.hekko24.pl\/ben\/wp-json\/wp\/v2\/posts\/35337\/revisions\/35352"}],"wp:featuredmedia":[{"embeddable":true,"href":"https:\/\/ravpsd.hekko24.pl\/ben\/wp-json\/wp\/v2\/media\/35340"}],"wp:attachment":[{"href":"https:\/\/ravpsd.hekko24.pl\/ben\/wp-json\/wp\/v2\/media?parent=35337"}],"wp:term":[{"taxonomy":"category","embeddable":true,"href":"https:\/\/ravpsd.hekko24.pl\/ben\/wp-json\/wp\/v2\/categories?post=35337"},{"taxonomy":"post_tag","embeddable":true,"href":"https:\/\/ravpsd.hekko24.pl\/ben\/wp-json\/wp\/v2\/tags?post=35337"}],"curies":[{"name":"wp","href":"https:\/\/api.w.org\/{rel}","templated":true}]}}